{"id":752,"date":"2026-03-09T11:31:27","date_gmt":"2026-03-09T10:31:27","guid":{"rendered":"https:\/\/kvanumzen.hu\/?p=752"},"modified":"2026-03-09T11:50:21","modified_gmt":"2026-03-09T10:50:21","slug":"nem-tudo-kez-zen-es-agyag-talalkozasa","status":"publish","type":"post","link":"https:\/\/kvanumzen.hu\/hu\/nem-tudo-kez-zen-es-agyag-talalkozasa\/","title":{"rendered":"Nem-tud\u00f3 k\u00e9z &#8211; ZEN \u00e9s agyag tal\u00e1lkoz\u00e1sa"},"content":{"rendered":"<p><img decoding=\"async\" class=\"aligncenter size-full wp-image-753\" src=\"https:\/\/kvanumzen.hu\/wp-content\/uploads\/2026\/03\/Nem_tudo_kez.jpg\" alt=\"\" width=\"1920\" height=\"1080\" srcset=\"https:\/\/kvanumzen.hu\/wp-content\/uploads\/2026\/03\/Nem_tudo_kez.jpg 1920w, https:\/\/kvanumzen.hu\/wp-content\/uploads\/2026\/03\/Nem_tudo_kez-300x169.jpg 300w, https:\/\/kvanumzen.hu\/wp-content\/uploads\/2026\/03\/Nem_tudo_kez-1024x576.jpg 1024w, https:\/\/kvanumzen.hu\/wp-content\/uploads\/2026\/03\/Nem_tudo_kez-768x432.jpg 768w, https:\/\/kvanumzen.hu\/wp-content\/uploads\/2026\/03\/Nem_tudo_kez-1536x864.jpg 1536w, https:\/\/kvanumzen.hu\/wp-content\/uploads\/2026\/03\/Nem_tudo_kez-18x10.jpg 18w, https:\/\/kvanumzen.hu\/wp-content\/uploads\/2026\/03\/Nem_tudo_kez-1000x563.jpg 1000w, https:\/\/kvanumzen.hu\/wp-content\/uploads\/2026\/03\/Nem_tudo_kez-230x129.jpg 230w, https:\/\/kvanumzen.hu\/wp-content\/uploads\/2026\/03\/Nem_tudo_kez-350x197.jpg 350w, https:\/\/kvanumzen.hu\/wp-content\/uploads\/2026\/03\/Nem_tudo_kez-480x270.jpg 480w\" sizes=\"(max-width: 1920px) 100vw, 1920px\" \/><\/p>\n<p>A Kvan Um Zen gyakorl\u00e1s a gondolkod\u00e1s el\u0151tti tiszta tudathoz kapcsol\u00f3dik &#8211; a \u201edon\u2019t know mind\u201d, a nem-tud\u00f3 tudat \u00e1llapot\u00e1hoz.<br \/>\nEzen a d\u00e9lel\u0151tt\u00f6n ezt a min\u0151s\u00e9get h\u00edvjuk meg az agyaggal val\u00f3 tal\u00e1lkoz\u00e1s sor\u00e1n.<\/p>\n<p>Mik\u00f6zben a maroked\u00e9ny technik\u00e1val cs\u00e9sz\u00e9t form\u00e1lunk, \u00f6nmagunkhoz kapcsol\u00f3dunk.<br \/>\nNem a t\u00f6k\u00e9letes forma a c\u00e9l.<br \/>\nNem az eszt\u00e9tika.<br \/>\nHanem a jelenl\u00e9t.<br \/>\nAz agyag \u00e9s a nemtud\u00f3-tudat tal\u00e1lkoz\u00e1sa.<\/p>\n<p><strong>A 3 \u00f3r\u00e1s alkalom fel\u00e9p\u00edt\u00e9se:<\/strong><\/p>\n<ul>\n<li>r\u00f6vid bevezet\u00e9s a Kvan Um Zen medit\u00e1ci\u00f3ba<\/li>\n<li>r\u00e1hangol\u00f3d\u00e1s az agyagra<\/li>\n<li>alkot\u00e1s a \u201enem-tud\u00f3 tudat\u201d ter\u00e9b\u0151l<\/li>\n<li>z\u00e1r\u00f3 zen medit\u00e1ci\u00f3<\/li>\n<\/ul>\n<p>A k\u00e9rd\u00e9s, ami vel\u00fcnk marad:<br \/>\nKi form\u00e1l kit &#8211; te az agyagot, vagy az agyag t\u00e9ged? Vagyis: Mi ez?<\/p>\n<p>Az alkalmat tartj\u00e1k:<br \/>\nCsabai Lucia ker\u00e1miam\u0171ves, a K\u00d6VEM ker\u00e1mi\u00e1k alkot\u00f3ja, k\u00e9pz\u00e9sben l\u00e9v\u0151 dharmatan\u00edt\u00f3<br \/>\n\u00e9s M\u00e9sz\u00e1ros Tam\u00e1s, a Budapesti Zen K\u00f6zpont vezet\u0151je, szenior dharmatan\u00edt\u00f3<\/p>\n<p><strong>Id\u0151pont:<\/strong> 2026 m\u00e1rcius 14, 10:00<\/p>\n<p><strong>Helysz\u00edn: <a href=\"https:\/\/maps.app.goo.gl\/V9M12PaP5MeMb3JL6\">1145 Budapest, Gyarmat utca 5\/B<\/a><\/strong> (4-es kapucseng\u0151)<\/p>\n<p>Az esem\u00e9ny adom\u00e1nyalap\u00fa.<br \/>\nAj\u00e1nlott adom\u00e1ny: 8.000 Ft, ami az anyagk\u00f6lts\u00e9get \u00e9s a k\u00e9tszeri \u00e9get\u00e9st is tartalmazza &#8211; ha \u00e9ppen aktu\u00e1lisan nem tudsz hozz\u00e1j\u00e1rulni, vagy csak kevesebbel, az se tartson vissza.<\/p>\n<p>Szeretettel v\u00e1runk mindenkit, aki nyitott az agyagoz\u00e1sra a Zen K\u00f6zpont meditat\u00edv ter\u00e9ben &#8211; el\u0151k\u00e9pzetts\u00e9g nem sz\u00fcks\u00e9ges, de nem is kiz\u00e1r\u00f3 ok.<\/p>\n<p>Tov\u00e1bbi inform\u00e1ci\u00f3: <strong><a href=\"https:\/\/www.facebook.com\/events\/1218810626898527\">Facebook-\u00fczenetben<\/a><\/strong> vagy a <strong><a href=\"mailto:kvanumzen@gmail.com\">kvanumzen@gmail.com<\/a><\/strong> el\u00e9rhet\u0151s\u00e9gen.<\/p>\n","protected":false},"excerpt":{"rendered":"<p>A Kvan Um Zen gyakorl\u00e1s a gondolkod\u00e1s el\u0151tti tiszta tudathoz kapcsol\u00f3dik &#8211; a \u201edon\u2019t know mind\u201d, a nem-tud\u00f3 tudat \u00e1llapot\u00e1hoz. Ezen a d\u00e9lel\u0151tt\u00f6n ezt a min\u0151s\u00e9get h\u00edvjuk meg az agyaggal val\u00f3 tal\u00e1lkoz\u00e1s sor\u00e1n. Mik\u00f6zben a maroked\u00e9ny technik\u00e1val cs\u00e9sz\u00e9t form\u00e1lunk, \u00f6nmagunkhoz kapcsol\u00f3dunk. Nem a t\u00f6k\u00e9letes forma a c\u00e9l. Nem az eszt\u00e9tika. Hanem a jelenl\u00e9t. Az agyag \u00e9s a nemtud\u00f3-tudat tal\u00e1lkoz\u00e1sa. A 3 \u00f3r\u00e1s alkalom fel\u00e9p\u00edt\u00e9se: r\u00f6vid bevezet\u00e9s a Kvan Um Zen medit\u00e1ci\u00f3ba r\u00e1hangol\u00f3d\u00e1s az agyagra alkot\u00e1s a \u201enem-tud\u00f3 tudat\u201d ter\u00e9b\u0151l z\u00e1r\u00f3 zen medit\u00e1ci\u00f3 A k\u00e9rd\u00e9s, ami vel\u00fcnk marad: Ki form\u00e1l kit &#8211; te az agyagot, vagy az agyag t\u00e9ged? Vagyis: Mi ez? Az alkalmat tartj\u00e1k: Csabai Lucia ker\u00e1miam\u0171ves, a K\u00d6VEM ker\u00e1mi\u00e1k alkot\u00f3ja, k\u00e9pz\u00e9sben l\u00e9v\u0151 dharmatan\u00edt\u00f3 \u00e9s M\u00e9sz\u00e1ros Tam\u00e1s, a Budapesti Zen [&hellip;]<\/p>\n","protected":false},"author":1,"featured_media":0,"comment_status":"closed","ping_status":"open","sticky":false,"template":"","format":"standard","meta":{"footnotes":""},"categories":[6],"tags":[],"class_list":["post-752","post","type-post","status-publish","format-standard","hentry","category-tanitasok"],"yoast_head":"<!-- This site is optimized with the Yoast SEO plugin v27.5 - https:\/\/yoast.com\/product\/yoast-seo-wordpress\/ -->\n<title>Nem-tud\u00f3 k\u00e9z - ZEN \u00e9s agyag tal\u00e1lkoz\u00e1sa - Kvan Um Zen Magyarorsz\u00e1g<\/title>\n<meta name=\"robots\" content=\"index, follow, max-snippet:-1, max-image-preview:large, max-video-preview:-1\" \/>\n<link rel=\"canonical\" href=\"https:\/\/kvanumzen.hu\/hu\/nem-tudo-kez-zen-es-agyag-talalkozasa\/\" \/>\n<meta property=\"og:locale\" content=\"hu_HU\" \/>\n<meta property=\"og:type\" content=\"article\" \/>\n<meta property=\"og:title\" content=\"Nem-tud\u00f3 k\u00e9z - ZEN \u00e9s agyag tal\u00e1lkoz\u00e1sa - Kvan Um Zen Magyarorsz\u00e1g\" \/>\n<meta property=\"og:description\" content=\"A Kvan Um Zen gyakorl\u00e1s a gondolkod\u00e1s el\u0151tti tiszta tudathoz kapcsol\u00f3dik &#8211; a \u201edon\u2019t know mind\u201d, a nem-tud\u00f3 tudat \u00e1llapot\u00e1hoz. Ezen a d\u00e9lel\u0151tt\u00f6n ezt a min\u0151s\u00e9get h\u00edvjuk meg az agyaggal val\u00f3 tal\u00e1lkoz\u00e1s sor\u00e1n. Mik\u00f6zben a maroked\u00e9ny technik\u00e1val cs\u00e9sz\u00e9t form\u00e1lunk, \u00f6nmagunkhoz kapcsol\u00f3dunk. Nem a t\u00f6k\u00e9letes forma a c\u00e9l. Nem az eszt\u00e9tika. Hanem a jelenl\u00e9t. Az agyag \u00e9s a nemtud\u00f3-tudat tal\u00e1lkoz\u00e1sa. A 3 \u00f3r\u00e1s alkalom fel\u00e9p\u00edt\u00e9se: r\u00f6vid bevezet\u00e9s a Kvan Um Zen medit\u00e1ci\u00f3ba r\u00e1hangol\u00f3d\u00e1s az agyagra alkot\u00e1s a \u201enem-tud\u00f3 tudat\u201d ter\u00e9b\u0151l z\u00e1r\u00f3 zen medit\u00e1ci\u00f3 A k\u00e9rd\u00e9s, ami vel\u00fcnk marad: Ki form\u00e1l kit &#8211; te az agyagot, vagy az agyag t\u00e9ged? Vagyis: Mi ez? Az alkalmat tartj\u00e1k: Csabai Lucia ker\u00e1miam\u0171ves, a K\u00d6VEM ker\u00e1mi\u00e1k alkot\u00f3ja, k\u00e9pz\u00e9sben l\u00e9v\u0151 dharmatan\u00edt\u00f3 \u00e9s M\u00e9sz\u00e1ros Tam\u00e1s, a Budapesti Zen [&hellip;]\" \/>\n<meta property=\"og:url\" content=\"https:\/\/kvanumzen.hu\/hu\/nem-tudo-kez-zen-es-agyag-talalkozasa\/\" \/>\n<meta property=\"og:site_name\" content=\"Kvan Um Zen Magyarorsz\u00e1g\" \/>\n<meta property=\"article:publisher\" content=\"https:\/\/www.facebook.com\/KvanumZenIskola\" \/>\n<meta property=\"article:published_time\" content=\"2026-03-09T10:31:27+00:00\" \/>\n<meta property=\"article:modified_time\" content=\"2026-03-09T10:50:21+00:00\" \/>\n<meta property=\"og:image\" content=\"https:\/\/kvanumzen.hu\/wp-content\/uploads\/2026\/03\/Nem_tudo_kez.jpg\" \/>\n\t<meta property=\"og:image:width\" content=\"1920\" \/>\n\t<meta property=\"og:image:height\" content=\"1080\" \/>\n\t<meta property=\"og:image:type\" content=\"image\/jpeg\" \/>\n<meta name=\"author\" content=\"Kvan Um\" \/>\n<meta name=\"twitter:card\" content=\"summary_large_image\" \/>\n<meta name=\"twitter:label1\" content=\"Szerz\u0151:\" \/>\n\t<meta name=\"twitter:data1\" content=\"Kvan Um\" \/>\n\t<meta name=\"twitter:label2\" content=\"Becs\u00fclt olvas\u00e1si id\u0151\" \/>\n\t<meta name=\"twitter:data2\" content=\"2 perc\" \/>\n<script type=\"application\/ld+json\" class=\"yoast-schema-graph\">{\"@context\":\"https:\\\/\\\/schema.org\",\"@graph\":[{\"@type\":\"Article\",\"@id\":\"https:\\\/\\\/kvanumzen.hu\\\/nem-tudo-kez-zen-es-agyag-talalkozasa\\\/#article\",\"isPartOf\":{\"@id\":\"https:\\\/\\\/kvanumzen.hu\\\/nem-tudo-kez-zen-es-agyag-talalkozasa\\\/\"},\"author\":{\"name\":\"Kvan Um\",\"@id\":\"https:\\\/\\\/kvanumzen.hu\\\/#\\\/schema\\\/person\\\/47959b978f15b5640f472cc2ab0e9a42\"},\"headline\":\"Nem-tud\u00f3 k\u00e9z &#8211; ZEN \u00e9s agyag tal\u00e1lkoz\u00e1sa\",\"datePublished\":\"2026-03-09T10:31:27+00:00\",\"dateModified\":\"2026-03-09T10:50:21+00:00\",\"mainEntityOfPage\":{\"@id\":\"https:\\\/\\\/kvanumzen.hu\\\/nem-tudo-kez-zen-es-agyag-talalkozasa\\\/\"},\"wordCount\":300,\"publisher\":{\"@id\":\"https:\\\/\\\/kvanumzen.hu\\\/#organization\"},\"image\":{\"@id\":\"https:\\\/\\\/kvanumzen.hu\\\/nem-tudo-kez-zen-es-agyag-talalkozasa\\\/#primaryimage\"},\"thumbnailUrl\":\"https:\\\/\\\/kvanumzen.hu\\\/wp-content\\\/uploads\\\/2026\\\/03\\\/Nem_tudo_kez.jpg\",\"articleSection\":[\"Tan\u00edt\u00e1sok\"],\"inLanguage\":\"hu\"},{\"@type\":\"WebPage\",\"@id\":\"https:\\\/\\\/kvanumzen.hu\\\/nem-tudo-kez-zen-es-agyag-talalkozasa\\\/\",\"url\":\"https:\\\/\\\/kvanumzen.hu\\\/nem-tudo-kez-zen-es-agyag-talalkozasa\\\/\",\"name\":\"Nem-tud\u00f3 k\u00e9z - ZEN \u00e9s agyag tal\u00e1lkoz\u00e1sa - Kvan Um Zen Magyarorsz\u00e1g\",\"isPartOf\":{\"@id\":\"https:\\\/\\\/kvanumzen.hu\\\/#website\"},\"primaryImageOfPage\":{\"@id\":\"https:\\\/\\\/kvanumzen.hu\\\/nem-tudo-kez-zen-es-agyag-talalkozasa\\\/#primaryimage\"},\"image\":{\"@id\":\"https:\\\/\\\/kvanumzen.hu\\\/nem-tudo-kez-zen-es-agyag-talalkozasa\\\/#primaryimage\"},\"thumbnailUrl\":\"https:\\\/\\\/kvanumzen.hu\\\/wp-content\\\/uploads\\\/2026\\\/03\\\/Nem_tudo_kez.jpg\",\"datePublished\":\"2026-03-09T10:31:27+00:00\",\"dateModified\":\"2026-03-09T10:50:21+00:00\",\"breadcrumb\":{\"@id\":\"https:\\\/\\\/kvanumzen.hu\\\/nem-tudo-kez-zen-es-agyag-talalkozasa\\\/#breadcrumb\"},\"inLanguage\":\"hu\",\"potentialAction\":[{\"@type\":\"ReadAction\",\"target\":[\"https:\\\/\\\/kvanumzen.hu\\\/nem-tudo-kez-zen-es-agyag-talalkozasa\\\/\"]}]},{\"@type\":\"ImageObject\",\"inLanguage\":\"hu\",\"@id\":\"https:\\\/\\\/kvanumzen.hu\\\/nem-tudo-kez-zen-es-agyag-talalkozasa\\\/#primaryimage\",\"url\":\"https:\\\/\\\/kvanumzen.hu\\\/wp-content\\\/uploads\\\/2026\\\/03\\\/Nem_tudo_kez.jpg\",\"contentUrl\":\"https:\\\/\\\/kvanumzen.hu\\\/wp-content\\\/uploads\\\/2026\\\/03\\\/Nem_tudo_kez.jpg\"},{\"@type\":\"BreadcrumbList\",\"@id\":\"https:\\\/\\\/kvanumzen.hu\\\/nem-tudo-kez-zen-es-agyag-talalkozasa\\\/#breadcrumb\",\"itemListElement\":[{\"@type\":\"ListItem\",\"position\":1,\"name\":\"Home\",\"item\":\"https:\\\/\\\/kvanumzen.hu\\\/\"},{\"@type\":\"ListItem\",\"position\":2,\"name\":\"Nem-tud\u00f3 k\u00e9z &#8211; ZEN \u00e9s agyag tal\u00e1lkoz\u00e1sa\"}]},{\"@type\":\"WebSite\",\"@id\":\"https:\\\/\\\/kvanumzen.hu\\\/#website\",\"url\":\"https:\\\/\\\/kvanumzen.hu\\\/\",\"name\":\"Kvan Um Zen Magyarorsz\u00e1g\",\"description\":\"\",\"publisher\":{\"@id\":\"https:\\\/\\\/kvanumzen.hu\\\/#organization\"},\"potentialAction\":[{\"@type\":\"SearchAction\",\"target\":{\"@type\":\"EntryPoint\",\"urlTemplate\":\"https:\\\/\\\/kvanumzen.hu\\\/?s={search_term_string}\"},\"query-input\":{\"@type\":\"PropertyValueSpecification\",\"valueRequired\":true,\"valueName\":\"search_term_string\"}}],\"inLanguage\":\"hu\"},{\"@type\":\"Organization\",\"@id\":\"https:\\\/\\\/kvanumzen.hu\\\/#organization\",\"name\":\"Kvan Um Zen Magyarorsz\u00e1g\",\"url\":\"https:\\\/\\\/kvanumzen.hu\\\/\",\"logo\":{\"@type\":\"ImageObject\",\"inLanguage\":\"hu\",\"@id\":\"https:\\\/\\\/kvanumzen.hu\\\/#\\\/schema\\\/logo\\\/image\\\/\",\"url\":\"https:\\\/\\\/kvanumzen.hu\\\/wp-content\\\/uploads\\\/2020\\\/08\\\/KvanUm_200x200.png\",\"contentUrl\":\"https:\\\/\\\/kvanumzen.hu\\\/wp-content\\\/uploads\\\/2020\\\/08\\\/KvanUm_200x200.png\",\"width\":200,\"height\":199,\"caption\":\"Kvan Um Zen Magyarorsz\u00e1g\"},\"image\":{\"@id\":\"https:\\\/\\\/kvanumzen.hu\\\/#\\\/schema\\\/logo\\\/image\\\/\"},\"sameAs\":[\"https:\\\/\\\/www.facebook.com\\\/KvanumZenIskola\"]},{\"@type\":\"Person\",\"@id\":\"https:\\\/\\\/kvanumzen.hu\\\/#\\\/schema\\\/person\\\/47959b978f15b5640f472cc2ab0e9a42\",\"name\":\"Kvan Um\",\"image\":{\"@type\":\"ImageObject\",\"inLanguage\":\"hu\",\"@id\":\"https:\\\/\\\/secure.gravatar.com\\\/avatar\\\/128e3102d3d3bd24b5f7098220b73f6f7cece776d4d2019cd78f55ff1976a6bf?s=96&d=blank&r=g\",\"url\":\"https:\\\/\\\/secure.gravatar.com\\\/avatar\\\/128e3102d3d3bd24b5f7098220b73f6f7cece776d4d2019cd78f55ff1976a6bf?s=96&d=blank&r=g\",\"contentUrl\":\"https:\\\/\\\/secure.gravatar.com\\\/avatar\\\/128e3102d3d3bd24b5f7098220b73f6f7cece776d4d2019cd78f55ff1976a6bf?s=96&d=blank&r=g\",\"caption\":\"Kvan Um\"},\"sameAs\":[\"https:\\\/\\\/kvanumzen.hu\"]}]}<\/script>\n<!-- \/ Yoast SEO plugin. -->","yoast_head_json":{"title":"Nem-tud\u00f3 k\u00e9z - ZEN \u00e9s agyag tal\u00e1lkoz\u00e1sa - Kvan Um Zen Magyarorsz\u00e1g","robots":{"index":"index","follow":"follow","max-snippet":"max-snippet:-1","max-image-preview":"max-image-preview:large","max-video-preview":"max-video-preview:-1"},"canonical":"https:\/\/kvanumzen.hu\/hu\/nem-tudo-kez-zen-es-agyag-talalkozasa\/","og_locale":"hu_HU","og_type":"article","og_title":"Nem-tud\u00f3 k\u00e9z - ZEN \u00e9s agyag tal\u00e1lkoz\u00e1sa - Kvan Um Zen Magyarorsz\u00e1g","og_description":"A Kvan Um Zen gyakorl\u00e1s a gondolkod\u00e1s el\u0151tti tiszta tudathoz kapcsol\u00f3dik &#8211; a \u201edon\u2019t know mind\u201d, a nem-tud\u00f3 tudat \u00e1llapot\u00e1hoz. Ezen a d\u00e9lel\u0151tt\u00f6n ezt a min\u0151s\u00e9get h\u00edvjuk meg az agyaggal val\u00f3 tal\u00e1lkoz\u00e1s sor\u00e1n. Mik\u00f6zben a maroked\u00e9ny technik\u00e1val cs\u00e9sz\u00e9t form\u00e1lunk, \u00f6nmagunkhoz kapcsol\u00f3dunk. Nem a t\u00f6k\u00e9letes forma a c\u00e9l. Nem az eszt\u00e9tika. Hanem a jelenl\u00e9t. Az agyag \u00e9s a nemtud\u00f3-tudat tal\u00e1lkoz\u00e1sa. A 3 \u00f3r\u00e1s alkalom fel\u00e9p\u00edt\u00e9se: r\u00f6vid bevezet\u00e9s a Kvan Um Zen medit\u00e1ci\u00f3ba r\u00e1hangol\u00f3d\u00e1s az agyagra alkot\u00e1s a \u201enem-tud\u00f3 tudat\u201d ter\u00e9b\u0151l z\u00e1r\u00f3 zen medit\u00e1ci\u00f3 A k\u00e9rd\u00e9s, ami vel\u00fcnk marad: Ki form\u00e1l kit &#8211; te az agyagot, vagy az agyag t\u00e9ged? Vagyis: Mi ez? Az alkalmat tartj\u00e1k: Csabai Lucia ker\u00e1miam\u0171ves, a K\u00d6VEM ker\u00e1mi\u00e1k alkot\u00f3ja, k\u00e9pz\u00e9sben l\u00e9v\u0151 dharmatan\u00edt\u00f3 \u00e9s M\u00e9sz\u00e1ros Tam\u00e1s, a Budapesti Zen [&hellip;]","og_url":"https:\/\/kvanumzen.hu\/hu\/nem-tudo-kez-zen-es-agyag-talalkozasa\/","og_site_name":"Kvan Um Zen Magyarorsz\u00e1g","article_publisher":"https:\/\/www.facebook.com\/KvanumZenIskola","article_published_time":"2026-03-09T10:31:27+00:00","article_modified_time":"2026-03-09T10:50:21+00:00","og_image":[{"width":1920,"height":1080,"url":"https:\/\/kvanumzen.hu\/wp-content\/uploads\/2026\/03\/Nem_tudo_kez.jpg","type":"image\/jpeg"}],"author":"Kvan Um","twitter_card":"summary_large_image","twitter_misc":{"Szerz\u0151:":"Kvan Um","Becs\u00fclt olvas\u00e1si id\u0151":"2 perc"},"schema":{"@context":"https:\/\/schema.org","@graph":[{"@type":"Article","@id":"https:\/\/kvanumzen.hu\/nem-tudo-kez-zen-es-agyag-talalkozasa\/#article","isPartOf":{"@id":"https:\/\/kvanumzen.hu\/nem-tudo-kez-zen-es-agyag-talalkozasa\/"},"author":{"name":"Kvan Um","@id":"https:\/\/kvanumzen.hu\/#\/schema\/person\/47959b978f15b5640f472cc2ab0e9a42"},"headline":"Nem-tud\u00f3 k\u00e9z &#8211; ZEN \u00e9s agyag tal\u00e1lkoz\u00e1sa","datePublished":"2026-03-09T10:31:27+00:00","dateModified":"2026-03-09T10:50:21+00:00","mainEntityOfPage":{"@id":"https:\/\/kvanumzen.hu\/nem-tudo-kez-zen-es-agyag-talalkozasa\/"},"wordCount":300,"publisher":{"@id":"https:\/\/kvanumzen.hu\/#organization"},"image":{"@id":"https:\/\/kvanumzen.hu\/nem-tudo-kez-zen-es-agyag-talalkozasa\/#primaryimage"},"thumbnailUrl":"https:\/\/kvanumzen.hu\/wp-content\/uploads\/2026\/03\/Nem_tudo_kez.jpg","articleSection":["Tan\u00edt\u00e1sok"],"inLanguage":"hu"},{"@type":"WebPage","@id":"https:\/\/kvanumzen.hu\/nem-tudo-kez-zen-es-agyag-talalkozasa\/","url":"https:\/\/kvanumzen.hu\/nem-tudo-kez-zen-es-agyag-talalkozasa\/","name":"Nem-tud\u00f3 k\u00e9z - ZEN \u00e9s agyag tal\u00e1lkoz\u00e1sa - Kvan Um Zen Magyarorsz\u00e1g","isPartOf":{"@id":"https:\/\/kvanumzen.hu\/#website"},"primaryImageOfPage":{"@id":"https:\/\/kvanumzen.hu\/nem-tudo-kez-zen-es-agyag-talalkozasa\/#primaryimage"},"image":{"@id":"https:\/\/kvanumzen.hu\/nem-tudo-kez-zen-es-agyag-talalkozasa\/#primaryimage"},"thumbnailUrl":"https:\/\/kvanumzen.hu\/wp-content\/uploads\/2026\/03\/Nem_tudo_kez.jpg","datePublished":"2026-03-09T10:31:27+00:00","dateModified":"2026-03-09T10:50:21+00:00","breadcrumb":{"@id":"https:\/\/kvanumzen.hu\/nem-tudo-kez-zen-es-agyag-talalkozasa\/#breadcrumb"},"inLanguage":"hu","potentialAction":[{"@type":"ReadAction","target":["https:\/\/kvanumzen.hu\/nem-tudo-kez-zen-es-agyag-talalkozasa\/"]}]},{"@type":"ImageObject","inLanguage":"hu","@id":"https:\/\/kvanumzen.hu\/nem-tudo-kez-zen-es-agyag-talalkozasa\/#primaryimage","url":"https:\/\/kvanumzen.hu\/wp-content\/uploads\/2026\/03\/Nem_tudo_kez.jpg","contentUrl":"https:\/\/kvanumzen.hu\/wp-content\/uploads\/2026\/03\/Nem_tudo_kez.jpg"},{"@type":"BreadcrumbList","@id":"https:\/\/kvanumzen.hu\/nem-tudo-kez-zen-es-agyag-talalkozasa\/#breadcrumb","itemListElement":[{"@type":"ListItem","position":1,"name":"Home","item":"https:\/\/kvanumzen.hu\/"},{"@type":"ListItem","position":2,"name":"Nem-tud\u00f3 k\u00e9z &#8211; ZEN \u00e9s agyag tal\u00e1lkoz\u00e1sa"}]},{"@type":"WebSite","@id":"https:\/\/kvanumzen.hu\/#website","url":"https:\/\/kvanumzen.hu\/","name":"Kvan Um Zen Magyarorsz\u00e1g","description":"","publisher":{"@id":"https:\/\/kvanumzen.hu\/#organization"},"potentialAction":[{"@type":"SearchAction","target":{"@type":"EntryPoint","urlTemplate":"https:\/\/kvanumzen.hu\/?s={search_term_string}"},"query-input":{"@type":"PropertyValueSpecification","valueRequired":true,"valueName":"search_term_string"}}],"inLanguage":"hu"},{"@type":"Organization","@id":"https:\/\/kvanumzen.hu\/#organization","name":"Kvan Um Zen Magyarorsz\u00e1g","url":"https:\/\/kvanumzen.hu\/","logo":{"@type":"ImageObject","inLanguage":"hu","@id":"https:\/\/kvanumzen.hu\/#\/schema\/logo\/image\/","url":"https:\/\/kvanumzen.hu\/wp-content\/uploads\/2020\/08\/KvanUm_200x200.png","contentUrl":"https:\/\/kvanumzen.hu\/wp-content\/uploads\/2020\/08\/KvanUm_200x200.png","width":200,"height":199,"caption":"Kvan Um Zen Magyarorsz\u00e1g"},"image":{"@id":"https:\/\/kvanumzen.hu\/#\/schema\/logo\/image\/"},"sameAs":["https:\/\/www.facebook.com\/KvanumZenIskola"]},{"@type":"Person","@id":"https:\/\/kvanumzen.hu\/#\/schema\/person\/47959b978f15b5640f472cc2ab0e9a42","name":"Kvan Um","image":{"@type":"ImageObject","inLanguage":"hu","@id":"https:\/\/secure.gravatar.com\/avatar\/128e3102d3d3bd24b5f7098220b73f6f7cece776d4d2019cd78f55ff1976a6bf?s=96&d=blank&r=g","url":"https:\/\/secure.gravatar.com\/avatar\/128e3102d3d3bd24b5f7098220b73f6f7cece776d4d2019cd78f55ff1976a6bf?s=96&d=blank&r=g","contentUrl":"https:\/\/secure.gravatar.com\/avatar\/128e3102d3d3bd24b5f7098220b73f6f7cece776d4d2019cd78f55ff1976a6bf?s=96&d=blank&r=g","caption":"Kvan Um"},"sameAs":["https:\/\/kvanumzen.hu"]}]}},"_links":{"self":[{"href":"https:\/\/kvanumzen.hu\/hu\/wp-json\/wp\/v2\/posts\/752","targetHints":{"allow":["GET"]}}],"collection":[{"href":"https:\/\/kvanumzen.hu\/hu\/wp-json\/wp\/v2\/posts"}],"about":[{"href":"https:\/\/kvanumzen.hu\/hu\/wp-json\/wp\/v2\/types\/post"}],"author":[{"embeddable":true,"href":"https:\/\/kvanumzen.hu\/hu\/wp-json\/wp\/v2\/users\/1"}],"replies":[{"embeddable":true,"href":"https:\/\/kvanumzen.hu\/hu\/wp-json\/wp\/v2\/comments?post=752"}],"version-history":[{"count":4,"href":"https:\/\/kvanumzen.hu\/hu\/wp-json\/wp\/v2\/posts\/752\/revisions"}],"predecessor-version":[{"id":757,"href":"https:\/\/kvanumzen.hu\/hu\/wp-json\/wp\/v2\/posts\/752\/revisions\/757"}],"wp:attachment":[{"href":"https:\/\/kvanumzen.hu\/hu\/wp-json\/wp\/v2\/media?parent=752"}],"wp:term":[{"taxonomy":"category","embeddable":true,"href":"https:\/\/kvanumzen.hu\/hu\/wp-json\/wp\/v2\/categories?post=752"},{"taxonomy":"post_tag","embeddable":true,"href":"https:\/\/kvanumzen.hu\/hu\/wp-json\/wp\/v2\/tags?post=752"}],"curies":[{"name":"wp","href":"https:\/\/api.w.org\/{rel}","templated":true}]}}