{"id":748,"date":"2026-02-22T19:28:24","date_gmt":"2026-02-22T18:28:24","guid":{"rendered":"https:\/\/kvanumzen.hu\/?p=748"},"modified":"2026-02-22T19:28:24","modified_gmt":"2026-02-22T18:28:24","slug":"egynapos-zengyakorlat-dusan-silvasi-dharmamesterrel-2026-marcius","status":"publish","type":"post","link":"https:\/\/kvanumzen.hu\/en\/egynapos-zengyakorlat-dusan-silvasi-dharmamesterrel-2026-marcius\/","title":{"rendered":"Egynapos zengyakorlat &#8211; Du\u0161an Silv\u00e1\u0161i dharmamesterrel \u2013 2026 m\u00e1rcius"},"content":{"rendered":"<p><img decoding=\"async\" class=\"aligncenter size-full wp-image-749\" src=\"https:\/\/kvanumzen.hu\/wp-content\/uploads\/2026\/02\/Dusan_Silvasi.jpg\" alt=\"\" width=\"1080\" height=\"1350\" srcset=\"https:\/\/kvanumzen.hu\/wp-content\/uploads\/2026\/02\/Dusan_Silvasi.jpg 1080w, https:\/\/kvanumzen.hu\/wp-content\/uploads\/2026\/02\/Dusan_Silvasi-240x300.jpg 240w, https:\/\/kvanumzen.hu\/wp-content\/uploads\/2026\/02\/Dusan_Silvasi-819x1024.jpg 819w, https:\/\/kvanumzen.hu\/wp-content\/uploads\/2026\/02\/Dusan_Silvasi-768x960.jpg 768w, https:\/\/kvanumzen.hu\/wp-content\/uploads\/2026\/02\/Dusan_Silvasi-10x12.jpg 10w, https:\/\/kvanumzen.hu\/wp-content\/uploads\/2026\/02\/Dusan_Silvasi-1000x1250.jpg 1000w, https:\/\/kvanumzen.hu\/wp-content\/uploads\/2026\/02\/Dusan_Silvasi-230x288.jpg 230w, https:\/\/kvanumzen.hu\/wp-content\/uploads\/2026\/02\/Dusan_Silvasi-350x438.jpg 350w, https:\/\/kvanumzen.hu\/wp-content\/uploads\/2026\/02\/Dusan_Silvasi-480x600.jpg 480w\" sizes=\"(max-width: 1080px) 100vw, 1080px\" \/><\/p>\n<p>Szeretettel v\u00e1runk mindenkit <a href=\"https:\/\/www.kwanumeurope.org\/teaching-support\/our-teachers\/dusan-silvasi-jdpsn\/\"><strong>Du\u0161an Silv\u00e1\u0161i dharmamester<\/strong><\/a> \u00e1ltal vezetett zengyakorl\u00e1sra &#8211; kezd\u0151ket \u00e9s tapasztalt gyakorl\u00f3kat egyar\u00e1nt -, hogy egy\u00fctt tapasztaljuk meg a nem-tud\u00f3 tudat frissess\u00e9g\u00e9t \u00e9s a k\u00f6z\u00f6s gyakorl\u00e1s erej\u00e9t.<\/p>\n<p>Du\u0161an Silv\u00e1\u0161i dharmamester Kass\u00e1n sz\u00fcletett, \u00e9s 1992 \u00f3ta gyakorol a Kvan Um Zen k\u00f6z\u00f6ss\u00e9g\u00e9ben, t\u00f6bbek k\u00f6z\u00f6tt <strong><a href=\"https:\/\/www.kwanumeurope.org\/about-us\/zen-master-wu-bong\/\">Wu Bong zenmester<\/a><\/strong> ir\u00e1ny\u00edt\u00e1s\u00e1val kezdte. Informatikai szakember \u00e9s harcm\u0171v\u00e9szet-oktat\u00f3, 17 \u00e9ven \u00e1t a <a href=\"https:\/\/www.kwanumeurope.org\/locations\/kosice-zen-center\/\"><strong>Kassai Zen K\u00f6zpont<\/strong><\/a> ap\u00e1tja volt, \u00e9s feles\u00e9g\u00e9vel egy\u00fctt azon dolgozik, hogy a zen tan\u00edt\u00e1s\u00e1t sz\u00e9lesebb k\u00f6rben is el\u00e9rhet\u0151v\u00e9 tegye. 2022 szeptember\u00e9ben kapott inka felhatalmaz\u00e1st <strong><a href=\"https:\/\/www.kwanumeurope.org\/teaching-support\/our-teachers\/gu-ja-ssn\/\">Gu Ja zenmestert\u0151l<\/a><\/strong>.<\/p>\n<p>Az esem\u00e9ny nyitott minden \u00e9rdekl\u0151d\u0151 sz\u00e1m\u00e1ra.<br \/>\nNem sz\u00fcks\u00e9ges semmilyen el\u0151zetes tapasztalat vagy elk\u00f6telez\u0151d\u00e9s, kezd\u0151k \u00e9s gyakorl\u00f3k egyar\u00e1nt j\u00f6hetnek.<br \/>\n<strong>Id\u0151pont:<\/strong> 2026. m\u00e1rcius 7., szombat, 10:00\u201317:00<br \/>\n<strong>Helysz\u00edn: <a href=\"https:\/\/maps.app.goo.gl\/V9M12PaP5MeMb3JL6\">1145 Budapest, Gyarmat utca 5\/B<\/a><\/strong> (4-es kapucseng\u0151)<\/p>\n<p>Kvan Um tagoknak &#8211; 6000 Ft, vend\u00e9geknek &#8211; 8000 Ft<br \/>\nTov\u00e1bbi inform\u00e1ci\u00f3 \u00e9s jelentkez\u00e9s: <strong><a href=\"mailto:kvanumzen@gmail.com\">kvanumzen@gmail.com<\/a><\/strong><\/p>","protected":false},"excerpt":{"rendered":"<p>Szeretettel v\u00e1runk mindenkit Du\u0161an Silv\u00e1\u0161i dharmamester \u00e1ltal vezetett zengyakorl\u00e1sra &#8211; kezd\u0151ket \u00e9s tapasztalt gyakorl\u00f3kat egyar\u00e1nt -, hogy egy\u00fctt tapasztaljuk meg a nem-tud\u00f3 tudat frissess\u00e9g\u00e9t \u00e9s a k\u00f6z\u00f6s gyakorl\u00e1s erej\u00e9t. Du\u0161an Silv\u00e1\u0161i dharmamester Kass\u00e1n sz\u00fcletett, \u00e9s 1992 \u00f3ta gyakorol a Kvan Um Zen k\u00f6z\u00f6ss\u00e9g\u00e9ben, t\u00f6bbek k\u00f6z\u00f6tt Wu Bong zenmester ir\u00e1ny\u00edt\u00e1s\u00e1val kezdte. Informatikai szakember \u00e9s harcm\u0171v\u00e9szet-oktat\u00f3, 17 \u00e9ven \u00e1t a Kassai Zen K\u00f6zpont ap\u00e1tja volt, \u00e9s feles\u00e9g\u00e9vel egy\u00fctt azon dolgozik, hogy a zen tan\u00edt\u00e1s\u00e1t sz\u00e9lesebb k\u00f6rben is el\u00e9rhet\u0151v\u00e9 tegye. 2022 szeptember\u00e9ben kapott inka felhatalmaz\u00e1st Gu Ja zenmestert\u0151l. Az esem\u00e9ny nyitott minden \u00e9rdekl\u0151d\u0151 sz\u00e1m\u00e1ra. Nem sz\u00fcks\u00e9ges semmilyen el\u0151zetes tapasztalat vagy elk\u00f6telez\u0151d\u00e9s, kezd\u0151k \u00e9s gyakorl\u00f3k egyar\u00e1nt j\u00f6hetnek. Id\u0151pont: 2026. m\u00e1rcius 7., szombat, 10:00\u201317:00 Helysz\u00edn: 1145 Budapest, Gyarmat utca 5\/B (4-es kapucseng\u0151) Kvan Um tagoknak [&hellip;]<\/p>\n","protected":false},"author":1,"featured_media":0,"comment_status":"closed","ping_status":"open","sticky":false,"template":"","format":"standard","meta":{"footnotes":""},"categories":[6],"tags":[],"class_list":["post-748","post","type-post","status-publish","format-standard","hentry","category-tanitasok"],"yoast_head":"<!-- This site is optimized with the Yoast SEO plugin v27.5 - https:\/\/yoast.com\/product\/yoast-seo-wordpress\/ -->\n<title>Egynapos zengyakorlat - Du\u0161an Silv\u00e1\u0161i dharmamesterrel \u2013 2026 m\u00e1rcius - Kvan Um Zen Magyarorsz\u00e1g<\/title>\n<meta name=\"robots\" content=\"index, follow, max-snippet:-1, max-image-preview:large, max-video-preview:-1\" \/>\n<link rel=\"canonical\" href=\"https:\/\/kvanumzen.hu\/en\/egynapos-zengyakorlat-dusan-silvasi-dharmamesterrel-2026-marcius\/\" \/>\n<meta property=\"og:locale\" content=\"en_GB\" \/>\n<meta property=\"og:type\" content=\"article\" \/>\n<meta property=\"og:title\" content=\"Egynapos zengyakorlat - Du\u0161an Silv\u00e1\u0161i dharmamesterrel \u2013 2026 m\u00e1rcius - Kvan Um Zen Magyarorsz\u00e1g\" \/>\n<meta property=\"og:description\" content=\"Szeretettel v\u00e1runk mindenkit Du\u0161an Silv\u00e1\u0161i dharmamester \u00e1ltal vezetett zengyakorl\u00e1sra &#8211; kezd\u0151ket \u00e9s tapasztalt gyakorl\u00f3kat egyar\u00e1nt -, hogy egy\u00fctt tapasztaljuk meg a nem-tud\u00f3 tudat frissess\u00e9g\u00e9t \u00e9s a k\u00f6z\u00f6s gyakorl\u00e1s erej\u00e9t. Du\u0161an Silv\u00e1\u0161i dharmamester Kass\u00e1n sz\u00fcletett, \u00e9s 1992 \u00f3ta gyakorol a Kvan Um Zen k\u00f6z\u00f6ss\u00e9g\u00e9ben, t\u00f6bbek k\u00f6z\u00f6tt Wu Bong zenmester ir\u00e1ny\u00edt\u00e1s\u00e1val kezdte. Informatikai szakember \u00e9s harcm\u0171v\u00e9szet-oktat\u00f3, 17 \u00e9ven \u00e1t a Kassai Zen K\u00f6zpont ap\u00e1tja volt, \u00e9s feles\u00e9g\u00e9vel egy\u00fctt azon dolgozik, hogy a zen tan\u00edt\u00e1s\u00e1t sz\u00e9lesebb k\u00f6rben is el\u00e9rhet\u0151v\u00e9 tegye. 2022 szeptember\u00e9ben kapott inka felhatalmaz\u00e1st Gu Ja zenmestert\u0151l. Az esem\u00e9ny nyitott minden \u00e9rdekl\u0151d\u0151 sz\u00e1m\u00e1ra. Nem sz\u00fcks\u00e9ges semmilyen el\u0151zetes tapasztalat vagy elk\u00f6telez\u0151d\u00e9s, kezd\u0151k \u00e9s gyakorl\u00f3k egyar\u00e1nt j\u00f6hetnek. Id\u0151pont: 2026. m\u00e1rcius 7., szombat, 10:00\u201317:00 Helysz\u00edn: 1145 Budapest, Gyarmat utca 5\/B (4-es kapucseng\u0151) Kvan Um tagoknak [&hellip;]\" \/>\n<meta property=\"og:url\" content=\"https:\/\/kvanumzen.hu\/en\/egynapos-zengyakorlat-dusan-silvasi-dharmamesterrel-2026-marcius\/\" \/>\n<meta property=\"og:site_name\" content=\"Kvan Um Zen Magyarorsz\u00e1g\" \/>\n<meta property=\"article:publisher\" content=\"https:\/\/www.facebook.com\/KvanumZenIskola\" \/>\n<meta property=\"article:published_time\" content=\"2026-02-22T18:28:24+00:00\" \/>\n<meta property=\"og:image\" content=\"https:\/\/kvanumzen.hu\/wp-content\/uploads\/2026\/02\/Dusan_Silvasi.jpg\" \/>\n\t<meta property=\"og:image:width\" content=\"1080\" \/>\n\t<meta property=\"og:image:height\" content=\"1350\" \/>\n\t<meta property=\"og:image:type\" content=\"image\/jpeg\" \/>\n<meta name=\"author\" content=\"Kvan Um\" \/>\n<meta name=\"twitter:card\" content=\"summary_large_image\" \/>\n<meta name=\"twitter:label1\" content=\"Written by\" \/>\n\t<meta name=\"twitter:data1\" content=\"Kvan Um\" \/>\n\t<meta name=\"twitter:label2\" content=\"Estimated reading time\" \/>\n\t<meta name=\"twitter:data2\" content=\"1 minute\" \/>\n<script type=\"application\/ld+json\" class=\"yoast-schema-graph\">{\"@context\":\"https:\\\/\\\/schema.org\",\"@graph\":[{\"@type\":\"Article\",\"@id\":\"https:\\\/\\\/kvanumzen.hu\\\/egynapos-zengyakorlat-dusan-silvasi-dharmamesterrel-2026-marcius\\\/#article\",\"isPartOf\":{\"@id\":\"https:\\\/\\\/kvanumzen.hu\\\/egynapos-zengyakorlat-dusan-silvasi-dharmamesterrel-2026-marcius\\\/\"},\"author\":{\"name\":\"Kvan Um\",\"@id\":\"https:\\\/\\\/kvanumzen.hu\\\/#\\\/schema\\\/person\\\/47959b978f15b5640f472cc2ab0e9a42\"},\"headline\":\"Egynapos zengyakorlat &#8211; Du\u0161an Silv\u00e1\u0161i dharmamesterrel \u2013 2026 m\u00e1rcius\",\"datePublished\":\"2026-02-22T18:28:24+00:00\",\"mainEntityOfPage\":{\"@id\":\"https:\\\/\\\/kvanumzen.hu\\\/egynapos-zengyakorlat-dusan-silvasi-dharmamesterrel-2026-marcius\\\/\"},\"wordCount\":202,\"publisher\":{\"@id\":\"https:\\\/\\\/kvanumzen.hu\\\/#organization\"},\"image\":{\"@id\":\"https:\\\/\\\/kvanumzen.hu\\\/egynapos-zengyakorlat-dusan-silvasi-dharmamesterrel-2026-marcius\\\/#primaryimage\"},\"thumbnailUrl\":\"https:\\\/\\\/kvanumzen.hu\\\/wp-content\\\/uploads\\\/2026\\\/02\\\/Dusan_Silvasi.jpg\",\"articleSection\":[\"Tan\u00edt\u00e1sok\"],\"inLanguage\":\"en-GB\"},{\"@type\":\"WebPage\",\"@id\":\"https:\\\/\\\/kvanumzen.hu\\\/egynapos-zengyakorlat-dusan-silvasi-dharmamesterrel-2026-marcius\\\/\",\"url\":\"https:\\\/\\\/kvanumzen.hu\\\/egynapos-zengyakorlat-dusan-silvasi-dharmamesterrel-2026-marcius\\\/\",\"name\":\"Egynapos zengyakorlat - Du\u0161an Silv\u00e1\u0161i dharmamesterrel \u2013 2026 m\u00e1rcius - Kvan Um Zen Magyarorsz\u00e1g\",\"isPartOf\":{\"@id\":\"https:\\\/\\\/kvanumzen.hu\\\/#website\"},\"primaryImageOfPage\":{\"@id\":\"https:\\\/\\\/kvanumzen.hu\\\/egynapos-zengyakorlat-dusan-silvasi-dharmamesterrel-2026-marcius\\\/#primaryimage\"},\"image\":{\"@id\":\"https:\\\/\\\/kvanumzen.hu\\\/egynapos-zengyakorlat-dusan-silvasi-dharmamesterrel-2026-marcius\\\/#primaryimage\"},\"thumbnailUrl\":\"https:\\\/\\\/kvanumzen.hu\\\/wp-content\\\/uploads\\\/2026\\\/02\\\/Dusan_Silvasi.jpg\",\"datePublished\":\"2026-02-22T18:28:24+00:00\",\"breadcrumb\":{\"@id\":\"https:\\\/\\\/kvanumzen.hu\\\/egynapos-zengyakorlat-dusan-silvasi-dharmamesterrel-2026-marcius\\\/#breadcrumb\"},\"inLanguage\":\"en-GB\",\"potentialAction\":[{\"@type\":\"ReadAction\",\"target\":[\"https:\\\/\\\/kvanumzen.hu\\\/egynapos-zengyakorlat-dusan-silvasi-dharmamesterrel-2026-marcius\\\/\"]}]},{\"@type\":\"ImageObject\",\"inLanguage\":\"en-GB\",\"@id\":\"https:\\\/\\\/kvanumzen.hu\\\/egynapos-zengyakorlat-dusan-silvasi-dharmamesterrel-2026-marcius\\\/#primaryimage\",\"url\":\"https:\\\/\\\/kvanumzen.hu\\\/wp-content\\\/uploads\\\/2026\\\/02\\\/Dusan_Silvasi.jpg\",\"contentUrl\":\"https:\\\/\\\/kvanumzen.hu\\\/wp-content\\\/uploads\\\/2026\\\/02\\\/Dusan_Silvasi.jpg\"},{\"@type\":\"BreadcrumbList\",\"@id\":\"https:\\\/\\\/kvanumzen.hu\\\/egynapos-zengyakorlat-dusan-silvasi-dharmamesterrel-2026-marcius\\\/#breadcrumb\",\"itemListElement\":[{\"@type\":\"ListItem\",\"position\":1,\"name\":\"Home\",\"item\":\"https:\\\/\\\/kvanumzen.hu\\\/\"},{\"@type\":\"ListItem\",\"position\":2,\"name\":\"Egynapos zengyakorlat &#8211; Du\u0161an Silv\u00e1\u0161i dharmamesterrel \u2013 2026 m\u00e1rcius\"}]},{\"@type\":\"WebSite\",\"@id\":\"https:\\\/\\\/kvanumzen.hu\\\/#website\",\"url\":\"https:\\\/\\\/kvanumzen.hu\\\/\",\"name\":\"Kvan Um Zen Magyarorsz\u00e1g\",\"description\":\"\",\"publisher\":{\"@id\":\"https:\\\/\\\/kvanumzen.hu\\\/#organization\"},\"potentialAction\":[{\"@type\":\"SearchAction\",\"target\":{\"@type\":\"EntryPoint\",\"urlTemplate\":\"https:\\\/\\\/kvanumzen.hu\\\/?s={search_term_string}\"},\"query-input\":{\"@type\":\"PropertyValueSpecification\",\"valueRequired\":true,\"valueName\":\"search_term_string\"}}],\"inLanguage\":\"en-GB\"},{\"@type\":\"Organization\",\"@id\":\"https:\\\/\\\/kvanumzen.hu\\\/#organization\",\"name\":\"Kvan Um Zen Magyarorsz\u00e1g\",\"url\":\"https:\\\/\\\/kvanumzen.hu\\\/\",\"logo\":{\"@type\":\"ImageObject\",\"inLanguage\":\"en-GB\",\"@id\":\"https:\\\/\\\/kvanumzen.hu\\\/#\\\/schema\\\/logo\\\/image\\\/\",\"url\":\"https:\\\/\\\/kvanumzen.hu\\\/wp-content\\\/uploads\\\/2020\\\/08\\\/KvanUm_200x200.png\",\"contentUrl\":\"https:\\\/\\\/kvanumzen.hu\\\/wp-content\\\/uploads\\\/2020\\\/08\\\/KvanUm_200x200.png\",\"width\":200,\"height\":199,\"caption\":\"Kvan Um Zen Magyarorsz\u00e1g\"},\"image\":{\"@id\":\"https:\\\/\\\/kvanumzen.hu\\\/#\\\/schema\\\/logo\\\/image\\\/\"},\"sameAs\":[\"https:\\\/\\\/www.facebook.com\\\/KvanumZenIskola\"]},{\"@type\":\"Person\",\"@id\":\"https:\\\/\\\/kvanumzen.hu\\\/#\\\/schema\\\/person\\\/47959b978f15b5640f472cc2ab0e9a42\",\"name\":\"Kvan Um\",\"image\":{\"@type\":\"ImageObject\",\"inLanguage\":\"en-GB\",\"@id\":\"https:\\\/\\\/secure.gravatar.com\\\/avatar\\\/128e3102d3d3bd24b5f7098220b73f6f7cece776d4d2019cd78f55ff1976a6bf?s=96&d=blank&r=g\",\"url\":\"https:\\\/\\\/secure.gravatar.com\\\/avatar\\\/128e3102d3d3bd24b5f7098220b73f6f7cece776d4d2019cd78f55ff1976a6bf?s=96&d=blank&r=g\",\"contentUrl\":\"https:\\\/\\\/secure.gravatar.com\\\/avatar\\\/128e3102d3d3bd24b5f7098220b73f6f7cece776d4d2019cd78f55ff1976a6bf?s=96&d=blank&r=g\",\"caption\":\"Kvan Um\"},\"sameAs\":[\"https:\\\/\\\/kvanumzen.hu\"]}]}<\/script>\n<!-- \/ Yoast SEO plugin. -->","yoast_head_json":{"title":"Egynapos zengyakorlat - Du\u0161an Silv\u00e1\u0161i dharmamesterrel \u2013 2026 m\u00e1rcius - Kvan Um Zen Magyarorsz\u00e1g","robots":{"index":"index","follow":"follow","max-snippet":"max-snippet:-1","max-image-preview":"max-image-preview:large","max-video-preview":"max-video-preview:-1"},"canonical":"https:\/\/kvanumzen.hu\/en\/egynapos-zengyakorlat-dusan-silvasi-dharmamesterrel-2026-marcius\/","og_locale":"en_GB","og_type":"article","og_title":"Egynapos zengyakorlat - Du\u0161an Silv\u00e1\u0161i dharmamesterrel \u2013 2026 m\u00e1rcius - Kvan Um Zen Magyarorsz\u00e1g","og_description":"Szeretettel v\u00e1runk mindenkit Du\u0161an Silv\u00e1\u0161i dharmamester \u00e1ltal vezetett zengyakorl\u00e1sra &#8211; kezd\u0151ket \u00e9s tapasztalt gyakorl\u00f3kat egyar\u00e1nt -, hogy egy\u00fctt tapasztaljuk meg a nem-tud\u00f3 tudat frissess\u00e9g\u00e9t \u00e9s a k\u00f6z\u00f6s gyakorl\u00e1s erej\u00e9t. Du\u0161an Silv\u00e1\u0161i dharmamester Kass\u00e1n sz\u00fcletett, \u00e9s 1992 \u00f3ta gyakorol a Kvan Um Zen k\u00f6z\u00f6ss\u00e9g\u00e9ben, t\u00f6bbek k\u00f6z\u00f6tt Wu Bong zenmester ir\u00e1ny\u00edt\u00e1s\u00e1val kezdte. Informatikai szakember \u00e9s harcm\u0171v\u00e9szet-oktat\u00f3, 17 \u00e9ven \u00e1t a Kassai Zen K\u00f6zpont ap\u00e1tja volt, \u00e9s feles\u00e9g\u00e9vel egy\u00fctt azon dolgozik, hogy a zen tan\u00edt\u00e1s\u00e1t sz\u00e9lesebb k\u00f6rben is el\u00e9rhet\u0151v\u00e9 tegye. 2022 szeptember\u00e9ben kapott inka felhatalmaz\u00e1st Gu Ja zenmestert\u0151l. Az esem\u00e9ny nyitott minden \u00e9rdekl\u0151d\u0151 sz\u00e1m\u00e1ra. Nem sz\u00fcks\u00e9ges semmilyen el\u0151zetes tapasztalat vagy elk\u00f6telez\u0151d\u00e9s, kezd\u0151k \u00e9s gyakorl\u00f3k egyar\u00e1nt j\u00f6hetnek. Id\u0151pont: 2026. m\u00e1rcius 7., szombat, 10:00\u201317:00 Helysz\u00edn: 1145 Budapest, Gyarmat utca 5\/B (4-es kapucseng\u0151) Kvan Um tagoknak [&hellip;]","og_url":"https:\/\/kvanumzen.hu\/en\/egynapos-zengyakorlat-dusan-silvasi-dharmamesterrel-2026-marcius\/","og_site_name":"Kvan Um Zen Magyarorsz\u00e1g","article_publisher":"https:\/\/www.facebook.com\/KvanumZenIskola","article_published_time":"2026-02-22T18:28:24+00:00","og_image":[{"width":1080,"height":1350,"url":"https:\/\/kvanumzen.hu\/wp-content\/uploads\/2026\/02\/Dusan_Silvasi.jpg","type":"image\/jpeg"}],"author":"Kvan Um","twitter_card":"summary_large_image","twitter_misc":{"Written by":"Kvan Um","Estimated reading time":"1 minute"},"schema":{"@context":"https:\/\/schema.org","@graph":[{"@type":"Article","@id":"https:\/\/kvanumzen.hu\/egynapos-zengyakorlat-dusan-silvasi-dharmamesterrel-2026-marcius\/#article","isPartOf":{"@id":"https:\/\/kvanumzen.hu\/egynapos-zengyakorlat-dusan-silvasi-dharmamesterrel-2026-marcius\/"},"author":{"name":"Kvan Um","@id":"https:\/\/kvanumzen.hu\/#\/schema\/person\/47959b978f15b5640f472cc2ab0e9a42"},"headline":"Egynapos zengyakorlat &#8211; Du\u0161an Silv\u00e1\u0161i dharmamesterrel \u2013 2026 m\u00e1rcius","datePublished":"2026-02-22T18:28:24+00:00","mainEntityOfPage":{"@id":"https:\/\/kvanumzen.hu\/egynapos-zengyakorlat-dusan-silvasi-dharmamesterrel-2026-marcius\/"},"wordCount":202,"publisher":{"@id":"https:\/\/kvanumzen.hu\/#organization"},"image":{"@id":"https:\/\/kvanumzen.hu\/egynapos-zengyakorlat-dusan-silvasi-dharmamesterrel-2026-marcius\/#primaryimage"},"thumbnailUrl":"https:\/\/kvanumzen.hu\/wp-content\/uploads\/2026\/02\/Dusan_Silvasi.jpg","articleSection":["Tan\u00edt\u00e1sok"],"inLanguage":"en-GB"},{"@type":"WebPage","@id":"https:\/\/kvanumzen.hu\/egynapos-zengyakorlat-dusan-silvasi-dharmamesterrel-2026-marcius\/","url":"https:\/\/kvanumzen.hu\/egynapos-zengyakorlat-dusan-silvasi-dharmamesterrel-2026-marcius\/","name":"Egynapos zengyakorlat - Du\u0161an Silv\u00e1\u0161i dharmamesterrel \u2013 2026 m\u00e1rcius - Kvan Um Zen Magyarorsz\u00e1g","isPartOf":{"@id":"https:\/\/kvanumzen.hu\/#website"},"primaryImageOfPage":{"@id":"https:\/\/kvanumzen.hu\/egynapos-zengyakorlat-dusan-silvasi-dharmamesterrel-2026-marcius\/#primaryimage"},"image":{"@id":"https:\/\/kvanumzen.hu\/egynapos-zengyakorlat-dusan-silvasi-dharmamesterrel-2026-marcius\/#primaryimage"},"thumbnailUrl":"https:\/\/kvanumzen.hu\/wp-content\/uploads\/2026\/02\/Dusan_Silvasi.jpg","datePublished":"2026-02-22T18:28:24+00:00","breadcrumb":{"@id":"https:\/\/kvanumzen.hu\/egynapos-zengyakorlat-dusan-silvasi-dharmamesterrel-2026-marcius\/#breadcrumb"},"inLanguage":"en-GB","potentialAction":[{"@type":"ReadAction","target":["https:\/\/kvanumzen.hu\/egynapos-zengyakorlat-dusan-silvasi-dharmamesterrel-2026-marcius\/"]}]},{"@type":"ImageObject","inLanguage":"en-GB","@id":"https:\/\/kvanumzen.hu\/egynapos-zengyakorlat-dusan-silvasi-dharmamesterrel-2026-marcius\/#primaryimage","url":"https:\/\/kvanumzen.hu\/wp-content\/uploads\/2026\/02\/Dusan_Silvasi.jpg","contentUrl":"https:\/\/kvanumzen.hu\/wp-content\/uploads\/2026\/02\/Dusan_Silvasi.jpg"},{"@type":"BreadcrumbList","@id":"https:\/\/kvanumzen.hu\/egynapos-zengyakorlat-dusan-silvasi-dharmamesterrel-2026-marcius\/#breadcrumb","itemListElement":[{"@type":"ListItem","position":1,"name":"Home","item":"https:\/\/kvanumzen.hu\/"},{"@type":"ListItem","position":2,"name":"Egynapos zengyakorlat &#8211; Du\u0161an Silv\u00e1\u0161i dharmamesterrel \u2013 2026 m\u00e1rcius"}]},{"@type":"WebSite","@id":"https:\/\/kvanumzen.hu\/#website","url":"https:\/\/kvanumzen.hu\/","name":"Kwan Um Zen Hungary","description":"","publisher":{"@id":"https:\/\/kvanumzen.hu\/#organization"},"potentialAction":[{"@type":"SearchAction","target":{"@type":"EntryPoint","urlTemplate":"https:\/\/kvanumzen.hu\/?s={search_term_string}"},"query-input":{"@type":"PropertyValueSpecification","valueRequired":true,"valueName":"search_term_string"}}],"inLanguage":"en-GB"},{"@type":"Organization","@id":"https:\/\/kvanumzen.hu\/#organization","name":"Kwan Um Zen Hungary","url":"https:\/\/kvanumzen.hu\/","logo":{"@type":"ImageObject","inLanguage":"en-GB","@id":"https:\/\/kvanumzen.hu\/#\/schema\/logo\/image\/","url":"https:\/\/kvanumzen.hu\/wp-content\/uploads\/2020\/08\/KvanUm_200x200.png","contentUrl":"https:\/\/kvanumzen.hu\/wp-content\/uploads\/2020\/08\/KvanUm_200x200.png","width":200,"height":199,"caption":"Kvan Um Zen Magyarorsz\u00e1g"},"image":{"@id":"https:\/\/kvanumzen.hu\/#\/schema\/logo\/image\/"},"sameAs":["https:\/\/www.facebook.com\/KvanumZenIskola"]},{"@type":"Person","@id":"https:\/\/kvanumzen.hu\/#\/schema\/person\/47959b978f15b5640f472cc2ab0e9a42","name":"Kvan Um","image":{"@type":"ImageObject","inLanguage":"en-GB","@id":"https:\/\/secure.gravatar.com\/avatar\/128e3102d3d3bd24b5f7098220b73f6f7cece776d4d2019cd78f55ff1976a6bf?s=96&d=blank&r=g","url":"https:\/\/secure.gravatar.com\/avatar\/128e3102d3d3bd24b5f7098220b73f6f7cece776d4d2019cd78f55ff1976a6bf?s=96&d=blank&r=g","contentUrl":"https:\/\/secure.gravatar.com\/avatar\/128e3102d3d3bd24b5f7098220b73f6f7cece776d4d2019cd78f55ff1976a6bf?s=96&d=blank&r=g","caption":"Kvan Um"},"sameAs":["https:\/\/kvanumzen.hu"]}]}},"_links":{"self":[{"href":"https:\/\/kvanumzen.hu\/en\/wp-json\/wp\/v2\/posts\/748","targetHints":{"allow":["GET"]}}],"collection":[{"href":"https:\/\/kvanumzen.hu\/en\/wp-json\/wp\/v2\/posts"}],"about":[{"href":"https:\/\/kvanumzen.hu\/en\/wp-json\/wp\/v2\/types\/post"}],"author":[{"embeddable":true,"href":"https:\/\/kvanumzen.hu\/en\/wp-json\/wp\/v2\/users\/1"}],"replies":[{"embeddable":true,"href":"https:\/\/kvanumzen.hu\/en\/wp-json\/wp\/v2\/comments?post=748"}],"version-history":[{"count":1,"href":"https:\/\/kvanumzen.hu\/en\/wp-json\/wp\/v2\/posts\/748\/revisions"}],"predecessor-version":[{"id":750,"href":"https:\/\/kvanumzen.hu\/en\/wp-json\/wp\/v2\/posts\/748\/revisions\/750"}],"wp:attachment":[{"href":"https:\/\/kvanumzen.hu\/en\/wp-json\/wp\/v2\/media?parent=748"}],"wp:term":[{"taxonomy":"category","embeddable":true,"href":"https:\/\/kvanumzen.hu\/en\/wp-json\/wp\/v2\/categories?post=748"},{"taxonomy":"post_tag","embeddable":true,"href":"https:\/\/kvanumzen.hu\/en\/wp-json\/wp\/v2\/tags?post=748"}],"curies":[{"name":"wp","href":"https:\/\/api.w.org\/{rel}","templated":true}]}}