{"id":697,"date":"2025-08-30T15:56:42","date_gmt":"2025-08-30T14:56:42","guid":{"rendered":"https:\/\/kvanumzen.hu\/?p=697"},"modified":"2025-09-03T05:34:12","modified_gmt":"2025-09-03T04:34:12","slug":"egynapos-zengyakorlat-2025-szeptember-knud-rosenmayr-dharmamesterrel","status":"publish","type":"post","link":"https:\/\/kvanumzen.hu\/en\/egynapos-zengyakorlat-2025-szeptember-knud-rosenmayr-dharmamesterrel\/","title":{"rendered":"Egynapos zengyakorlat &#8211; 2025 szeptember &#8211; Knud Rosenmayr dharmamesterrel"},"content":{"rendered":"<p>&nbsp;<\/p>\n<p><img decoding=\"async\" class=\"aligncenter size-full wp-image-700\" src=\"https:\/\/kvanumzen.hu\/wp-content\/uploads\/2025\/08\/kvanum_zennap20250906_javitott.png\" alt=\"\" width=\"1414\" height=\"2000\" srcset=\"https:\/\/kvanumzen.hu\/wp-content\/uploads\/2025\/08\/kvanum_zennap20250906_javitott.png 1414w, https:\/\/kvanumzen.hu\/wp-content\/uploads\/2025\/08\/kvanum_zennap20250906_javitott-212x300.png 212w, https:\/\/kvanumzen.hu\/wp-content\/uploads\/2025\/08\/kvanum_zennap20250906_javitott-724x1024.png 724w, https:\/\/kvanumzen.hu\/wp-content\/uploads\/2025\/08\/kvanum_zennap20250906_javitott-768x1086.png 768w, https:\/\/kvanumzen.hu\/wp-content\/uploads\/2025\/08\/kvanum_zennap20250906_javitott-1086x1536.png 1086w, https:\/\/kvanumzen.hu\/wp-content\/uploads\/2025\/08\/kvanum_zennap20250906_javitott-8x12.png 8w, https:\/\/kvanumzen.hu\/wp-content\/uploads\/2025\/08\/kvanum_zennap20250906_javitott-1000x1414.png 1000w, https:\/\/kvanumzen.hu\/wp-content\/uploads\/2025\/08\/kvanum_zennap20250906_javitott-230x325.png 230w, https:\/\/kvanumzen.hu\/wp-content\/uploads\/2025\/08\/kvanum_zennap20250906_javitott-350x495.png 350w, https:\/\/kvanumzen.hu\/wp-content\/uploads\/2025\/08\/kvanum_zennap20250906_javitott-480x679.png 480w\" sizes=\"(max-width: 1414px) 100vw, 1414px\" \/><\/p>\n<p>Zennap 9 x 30 perc \u00fcl\u00e9ssel, k\u00f3an interj\u00fakkal, \u00e9s a v\u00e9g\u00e9n k\u00f6z\u00f6s \u00e9tkez\u00e9ssel, besz\u00e9lget\u00e9ssel.<\/p>\n<p><strong>Tan\u00edt\u00f3:<\/strong> <a href=\"https:\/\/www.kwanumeurope.org\/teaching-support\/our-teachers\/knud-rosenmayr-jdpsn\/\"><strong>Knud Rosenmayr dharma mester<\/strong><\/a><br \/>\n<strong>Id\u0151pont:<\/strong> 2025. szeptember 6. 09-16 \u00f3ra<br \/>\n<strong>Helysz\u00edn:<\/strong> Budapesti Kvan Um Zen K\u00f6zpont, <span class=\"x193iq5w xeuugli x13faqbe x1vvkbs x1xmvt09 x1lliihq x1s928wv xhkezso x1gmr53x x1cpjm7i x1fgarty x1943h6x xudqn12 x3x7a5m x6prxxf xvq8zen xo1l8bm xzsf02u\" dir=\"auto\"><a href=\"https:\/\/maps.app.goo.gl\/s5xc1bL2LEbY7DRY6\"><strong>1145, Bp. Gyarmat u. 5\/b<\/strong><\/a><\/span><br \/>\n<strong>R\u00e9szv\u00e9teli d\u00edj:<\/strong> tagoknak 6000, vend\u00e9geknek 8000 forint<br \/>\n<strong>Information, application:<\/strong> <span class=\"x193iq5w xeuugli x13faqbe x1vvkbs x1xmvt09 x1lliihq x1s928wv xhkezso x1gmr53x x1cpjm7i x1fgarty x1943h6x xudqn12 x3x7a5m x6prxxf xvq8zen xo1l8bm xzsf02u\" dir=\"auto\"><a href=\"mailto:kvanumzen@gmail.com\"><strong>kvanumzen@gmail.com<\/strong><\/a><\/span><\/p>","protected":false},"excerpt":{"rendered":"<p>&nbsp; Zennap 9 x 30 perc \u00fcl\u00e9ssel, k\u00f3an interj\u00fakkal, \u00e9s a v\u00e9g\u00e9n k\u00f6z\u00f6s \u00e9tkez\u00e9ssel, besz\u00e9lget\u00e9ssel. Tan\u00edt\u00f3: Knud Rosenmayr dharma mester Id\u0151pont: 2025. szeptember 6. 09-16 \u00f3ra Helysz\u00edn: Budapesti Kvan Um Zen K\u00f6zpont, 1145, Bp. Gyarmat u. 5\/b R\u00e9szv\u00e9teli d\u00edj: tagoknak 6000, vend\u00e9geknek 8000 forint Felvil\u00e1gos\u00edt\u00e1s, jelentkez\u00e9s: kvanumzen@gmail.com<\/p>","protected":false},"author":1,"featured_media":0,"comment_status":"closed","ping_status":"open","sticky":false,"template":"","format":"standard","meta":{"footnotes":""},"categories":[7],"tags":[],"class_list":["post-697","post","type-post","status-publish","format-standard","hentry","category-esemenyek"],"yoast_head":"<!-- This site is optimized with the Yoast SEO plugin v27.5 - https:\/\/yoast.com\/product\/yoast-seo-wordpress\/ -->\n<title>Egynapos zengyakorlat - 2025 szeptember - Knud Rosenmayr dharmamesterrel - Kvan Um Zen Magyarorsz\u00e1g<\/title>\n<meta name=\"robots\" content=\"index, follow, max-snippet:-1, max-image-preview:large, max-video-preview:-1\" \/>\n<link rel=\"canonical\" href=\"https:\/\/kvanumzen.hu\/en\/egynapos-zengyakorlat-2025-szeptember-knud-rosenmayr-dharmamesterrel\/\" \/>\n<meta property=\"og:locale\" content=\"en_GB\" \/>\n<meta property=\"og:type\" content=\"article\" \/>\n<meta property=\"og:title\" content=\"Egynapos zengyakorlat - 2025 szeptember - Knud Rosenmayr dharmamesterrel - Kvan Um Zen Magyarorsz\u00e1g\" \/>\n<meta property=\"og:description\" content=\"&nbsp; Zennap 9 x 30 perc \u00fcl\u00e9ssel, k\u00f3an interj\u00fakkal, \u00e9s a v\u00e9g\u00e9n k\u00f6z\u00f6s \u00e9tkez\u00e9ssel, besz\u00e9lget\u00e9ssel. Tan\u00edt\u00f3: Knud Rosenmayr dharma mester Id\u0151pont: 2025. szeptember 6. 09-16 \u00f3ra Helysz\u00edn: Budapesti Kvan Um Zen K\u00f6zpont, 1145, Bp. Gyarmat u. 5\/b R\u00e9szv\u00e9teli d\u00edj: tagoknak 6000, vend\u00e9geknek 8000 forint Felvil\u00e1gos\u00edt\u00e1s, jelentkez\u00e9s: kvanumzen@gmail.com\" \/>\n<meta property=\"og:url\" content=\"https:\/\/kvanumzen.hu\/en\/egynapos-zengyakorlat-2025-szeptember-knud-rosenmayr-dharmamesterrel\/\" \/>\n<meta property=\"og:site_name\" content=\"Kvan Um Zen Magyarorsz\u00e1g\" \/>\n<meta property=\"article:publisher\" content=\"https:\/\/www.facebook.com\/KvanumZenIskola\" \/>\n<meta property=\"article:published_time\" content=\"2025-08-30T14:56:42+00:00\" \/>\n<meta property=\"article:modified_time\" content=\"2025-09-03T04:34:12+00:00\" \/>\n<meta property=\"og:image\" content=\"https:\/\/kvanumzen.hu\/wp-content\/uploads\/2025\/08\/kvanum_zennap20250906_javitott.png\" \/>\n\t<meta property=\"og:image:width\" content=\"1414\" \/>\n\t<meta property=\"og:image:height\" content=\"2000\" \/>\n\t<meta property=\"og:image:type\" content=\"image\/png\" \/>\n<meta name=\"author\" content=\"Kvan Um\" \/>\n<meta name=\"twitter:card\" content=\"summary_large_image\" \/>\n<meta name=\"twitter:label1\" content=\"Written by\" \/>\n\t<meta name=\"twitter:data1\" content=\"Kvan Um\" \/>\n\t<meta name=\"twitter:label2\" content=\"Estimated reading time\" \/>\n\t<meta name=\"twitter:data2\" content=\"1 minute\" \/>\n<script type=\"application\/ld+json\" class=\"yoast-schema-graph\">{\"@context\":\"https:\\\/\\\/schema.org\",\"@graph\":[{\"@type\":\"Article\",\"@id\":\"https:\\\/\\\/kvanumzen.hu\\\/egynapos-zengyakorlat-2025-szeptember-knud-rosenmayr-dharmamesterrel\\\/#article\",\"isPartOf\":{\"@id\":\"https:\\\/\\\/kvanumzen.hu\\\/egynapos-zengyakorlat-2025-szeptember-knud-rosenmayr-dharmamesterrel\\\/\"},\"author\":{\"name\":\"Kvan Um\",\"@id\":\"https:\\\/\\\/kvanumzen.hu\\\/#\\\/schema\\\/person\\\/47959b978f15b5640f472cc2ab0e9a42\"},\"headline\":\"Egynapos zengyakorlat &#8211; 2025 szeptember &#8211; Knud Rosenmayr dharmamesterrel\",\"datePublished\":\"2025-08-30T14:56:42+00:00\",\"dateModified\":\"2025-09-03T04:34:12+00:00\",\"mainEntityOfPage\":{\"@id\":\"https:\\\/\\\/kvanumzen.hu\\\/egynapos-zengyakorlat-2025-szeptember-knud-rosenmayr-dharmamesterrel\\\/\"},\"wordCount\":72,\"publisher\":{\"@id\":\"https:\\\/\\\/kvanumzen.hu\\\/#organization\"},\"image\":{\"@id\":\"https:\\\/\\\/kvanumzen.hu\\\/egynapos-zengyakorlat-2025-szeptember-knud-rosenmayr-dharmamesterrel\\\/#primaryimage\"},\"thumbnailUrl\":\"https:\\\/\\\/kvanumzen.hu\\\/wp-content\\\/uploads\\\/2025\\\/08\\\/kvanum_zennap20250906_javitott.png\",\"articleSection\":[\"Esem\u00e9nyek\"],\"inLanguage\":\"en-GB\"},{\"@type\":\"WebPage\",\"@id\":\"https:\\\/\\\/kvanumzen.hu\\\/egynapos-zengyakorlat-2025-szeptember-knud-rosenmayr-dharmamesterrel\\\/\",\"url\":\"https:\\\/\\\/kvanumzen.hu\\\/egynapos-zengyakorlat-2025-szeptember-knud-rosenmayr-dharmamesterrel\\\/\",\"name\":\"Egynapos zengyakorlat - 2025 szeptember - Knud Rosenmayr dharmamesterrel - Kvan Um Zen Magyarorsz\u00e1g\",\"isPartOf\":{\"@id\":\"https:\\\/\\\/kvanumzen.hu\\\/#website\"},\"primaryImageOfPage\":{\"@id\":\"https:\\\/\\\/kvanumzen.hu\\\/egynapos-zengyakorlat-2025-szeptember-knud-rosenmayr-dharmamesterrel\\\/#primaryimage\"},\"image\":{\"@id\":\"https:\\\/\\\/kvanumzen.hu\\\/egynapos-zengyakorlat-2025-szeptember-knud-rosenmayr-dharmamesterrel\\\/#primaryimage\"},\"thumbnailUrl\":\"https:\\\/\\\/kvanumzen.hu\\\/wp-content\\\/uploads\\\/2025\\\/08\\\/kvanum_zennap20250906_javitott.png\",\"datePublished\":\"2025-08-30T14:56:42+00:00\",\"dateModified\":\"2025-09-03T04:34:12+00:00\",\"breadcrumb\":{\"@id\":\"https:\\\/\\\/kvanumzen.hu\\\/egynapos-zengyakorlat-2025-szeptember-knud-rosenmayr-dharmamesterrel\\\/#breadcrumb\"},\"inLanguage\":\"en-GB\",\"potentialAction\":[{\"@type\":\"ReadAction\",\"target\":[\"https:\\\/\\\/kvanumzen.hu\\\/egynapos-zengyakorlat-2025-szeptember-knud-rosenmayr-dharmamesterrel\\\/\"]}]},{\"@type\":\"ImageObject\",\"inLanguage\":\"en-GB\",\"@id\":\"https:\\\/\\\/kvanumzen.hu\\\/egynapos-zengyakorlat-2025-szeptember-knud-rosenmayr-dharmamesterrel\\\/#primaryimage\",\"url\":\"https:\\\/\\\/kvanumzen.hu\\\/wp-content\\\/uploads\\\/2025\\\/08\\\/kvanum_zennap20250906_javitott.png\",\"contentUrl\":\"https:\\\/\\\/kvanumzen.hu\\\/wp-content\\\/uploads\\\/2025\\\/08\\\/kvanum_zennap20250906_javitott.png\"},{\"@type\":\"BreadcrumbList\",\"@id\":\"https:\\\/\\\/kvanumzen.hu\\\/egynapos-zengyakorlat-2025-szeptember-knud-rosenmayr-dharmamesterrel\\\/#breadcrumb\",\"itemListElement\":[{\"@type\":\"ListItem\",\"position\":1,\"name\":\"Home\",\"item\":\"https:\\\/\\\/kvanumzen.hu\\\/\"},{\"@type\":\"ListItem\",\"position\":2,\"name\":\"Egynapos zengyakorlat &#8211; 2025 szeptember &#8211; Knud Rosenmayr dharmamesterrel\"}]},{\"@type\":\"WebSite\",\"@id\":\"https:\\\/\\\/kvanumzen.hu\\\/#website\",\"url\":\"https:\\\/\\\/kvanumzen.hu\\\/\",\"name\":\"Kvan Um Zen Magyarorsz\u00e1g\",\"description\":\"\",\"publisher\":{\"@id\":\"https:\\\/\\\/kvanumzen.hu\\\/#organization\"},\"potentialAction\":[{\"@type\":\"SearchAction\",\"target\":{\"@type\":\"EntryPoint\",\"urlTemplate\":\"https:\\\/\\\/kvanumzen.hu\\\/?s={search_term_string}\"},\"query-input\":{\"@type\":\"PropertyValueSpecification\",\"valueRequired\":true,\"valueName\":\"search_term_string\"}}],\"inLanguage\":\"en-GB\"},{\"@type\":\"Organization\",\"@id\":\"https:\\\/\\\/kvanumzen.hu\\\/#organization\",\"name\":\"Kvan Um Zen Magyarorsz\u00e1g\",\"url\":\"https:\\\/\\\/kvanumzen.hu\\\/\",\"logo\":{\"@type\":\"ImageObject\",\"inLanguage\":\"en-GB\",\"@id\":\"https:\\\/\\\/kvanumzen.hu\\\/#\\\/schema\\\/logo\\\/image\\\/\",\"url\":\"https:\\\/\\\/kvanumzen.hu\\\/wp-content\\\/uploads\\\/2020\\\/08\\\/KvanUm_200x200.png\",\"contentUrl\":\"https:\\\/\\\/kvanumzen.hu\\\/wp-content\\\/uploads\\\/2020\\\/08\\\/KvanUm_200x200.png\",\"width\":200,\"height\":199,\"caption\":\"Kvan Um Zen Magyarorsz\u00e1g\"},\"image\":{\"@id\":\"https:\\\/\\\/kvanumzen.hu\\\/#\\\/schema\\\/logo\\\/image\\\/\"},\"sameAs\":[\"https:\\\/\\\/www.facebook.com\\\/KvanumZenIskola\"]},{\"@type\":\"Person\",\"@id\":\"https:\\\/\\\/kvanumzen.hu\\\/#\\\/schema\\\/person\\\/47959b978f15b5640f472cc2ab0e9a42\",\"name\":\"Kvan Um\",\"image\":{\"@type\":\"ImageObject\",\"inLanguage\":\"en-GB\",\"@id\":\"https:\\\/\\\/secure.gravatar.com\\\/avatar\\\/128e3102d3d3bd24b5f7098220b73f6f7cece776d4d2019cd78f55ff1976a6bf?s=96&d=blank&r=g\",\"url\":\"https:\\\/\\\/secure.gravatar.com\\\/avatar\\\/128e3102d3d3bd24b5f7098220b73f6f7cece776d4d2019cd78f55ff1976a6bf?s=96&d=blank&r=g\",\"contentUrl\":\"https:\\\/\\\/secure.gravatar.com\\\/avatar\\\/128e3102d3d3bd24b5f7098220b73f6f7cece776d4d2019cd78f55ff1976a6bf?s=96&d=blank&r=g\",\"caption\":\"Kvan Um\"},\"sameAs\":[\"https:\\\/\\\/kvanumzen.hu\"]}]}<\/script>\n<!-- \/ Yoast SEO plugin. -->","yoast_head_json":{"title":"Egynapos zengyakorlat - 2025 szeptember - Knud Rosenmayr dharmamesterrel - Kvan Um Zen Magyarorsz\u00e1g","robots":{"index":"index","follow":"follow","max-snippet":"max-snippet:-1","max-image-preview":"max-image-preview:large","max-video-preview":"max-video-preview:-1"},"canonical":"https:\/\/kvanumzen.hu\/en\/egynapos-zengyakorlat-2025-szeptember-knud-rosenmayr-dharmamesterrel\/","og_locale":"en_GB","og_type":"article","og_title":"Egynapos zengyakorlat - 2025 szeptember - Knud Rosenmayr dharmamesterrel - Kvan Um Zen Magyarorsz\u00e1g","og_description":"&nbsp; Zennap 9 x 30 perc \u00fcl\u00e9ssel, k\u00f3an interj\u00fakkal, \u00e9s a v\u00e9g\u00e9n k\u00f6z\u00f6s \u00e9tkez\u00e9ssel, besz\u00e9lget\u00e9ssel. Tan\u00edt\u00f3: Knud Rosenmayr dharma mester Id\u0151pont: 2025. szeptember 6. 09-16 \u00f3ra Helysz\u00edn: Budapesti Kvan Um Zen K\u00f6zpont, 1145, Bp. Gyarmat u. 5\/b R\u00e9szv\u00e9teli d\u00edj: tagoknak 6000, vend\u00e9geknek 8000 forint Felvil\u00e1gos\u00edt\u00e1s, jelentkez\u00e9s: kvanumzen@gmail.com","og_url":"https:\/\/kvanumzen.hu\/en\/egynapos-zengyakorlat-2025-szeptember-knud-rosenmayr-dharmamesterrel\/","og_site_name":"Kvan Um Zen Magyarorsz\u00e1g","article_publisher":"https:\/\/www.facebook.com\/KvanumZenIskola","article_published_time":"2025-08-30T14:56:42+00:00","article_modified_time":"2025-09-03T04:34:12+00:00","og_image":[{"width":1414,"height":2000,"url":"https:\/\/kvanumzen.hu\/wp-content\/uploads\/2025\/08\/kvanum_zennap20250906_javitott.png","type":"image\/png"}],"author":"Kvan Um","twitter_card":"summary_large_image","twitter_misc":{"Written by":"Kvan Um","Estimated reading time":"1 minute"},"schema":{"@context":"https:\/\/schema.org","@graph":[{"@type":"Article","@id":"https:\/\/kvanumzen.hu\/egynapos-zengyakorlat-2025-szeptember-knud-rosenmayr-dharmamesterrel\/#article","isPartOf":{"@id":"https:\/\/kvanumzen.hu\/egynapos-zengyakorlat-2025-szeptember-knud-rosenmayr-dharmamesterrel\/"},"author":{"name":"Kvan Um","@id":"https:\/\/kvanumzen.hu\/#\/schema\/person\/47959b978f15b5640f472cc2ab0e9a42"},"headline":"Egynapos zengyakorlat &#8211; 2025 szeptember &#8211; Knud Rosenmayr dharmamesterrel","datePublished":"2025-08-30T14:56:42+00:00","dateModified":"2025-09-03T04:34:12+00:00","mainEntityOfPage":{"@id":"https:\/\/kvanumzen.hu\/egynapos-zengyakorlat-2025-szeptember-knud-rosenmayr-dharmamesterrel\/"},"wordCount":72,"publisher":{"@id":"https:\/\/kvanumzen.hu\/#organization"},"image":{"@id":"https:\/\/kvanumzen.hu\/egynapos-zengyakorlat-2025-szeptember-knud-rosenmayr-dharmamesterrel\/#primaryimage"},"thumbnailUrl":"https:\/\/kvanumzen.hu\/wp-content\/uploads\/2025\/08\/kvanum_zennap20250906_javitott.png","articleSection":["Esem\u00e9nyek"],"inLanguage":"en-GB"},{"@type":"WebPage","@id":"https:\/\/kvanumzen.hu\/egynapos-zengyakorlat-2025-szeptember-knud-rosenmayr-dharmamesterrel\/","url":"https:\/\/kvanumzen.hu\/egynapos-zengyakorlat-2025-szeptember-knud-rosenmayr-dharmamesterrel\/","name":"Egynapos zengyakorlat - 2025 szeptember - Knud Rosenmayr dharmamesterrel - Kvan Um Zen Magyarorsz\u00e1g","isPartOf":{"@id":"https:\/\/kvanumzen.hu\/#website"},"primaryImageOfPage":{"@id":"https:\/\/kvanumzen.hu\/egynapos-zengyakorlat-2025-szeptember-knud-rosenmayr-dharmamesterrel\/#primaryimage"},"image":{"@id":"https:\/\/kvanumzen.hu\/egynapos-zengyakorlat-2025-szeptember-knud-rosenmayr-dharmamesterrel\/#primaryimage"},"thumbnailUrl":"https:\/\/kvanumzen.hu\/wp-content\/uploads\/2025\/08\/kvanum_zennap20250906_javitott.png","datePublished":"2025-08-30T14:56:42+00:00","dateModified":"2025-09-03T04:34:12+00:00","breadcrumb":{"@id":"https:\/\/kvanumzen.hu\/egynapos-zengyakorlat-2025-szeptember-knud-rosenmayr-dharmamesterrel\/#breadcrumb"},"inLanguage":"en-GB","potentialAction":[{"@type":"ReadAction","target":["https:\/\/kvanumzen.hu\/egynapos-zengyakorlat-2025-szeptember-knud-rosenmayr-dharmamesterrel\/"]}]},{"@type":"ImageObject","inLanguage":"en-GB","@id":"https:\/\/kvanumzen.hu\/egynapos-zengyakorlat-2025-szeptember-knud-rosenmayr-dharmamesterrel\/#primaryimage","url":"https:\/\/kvanumzen.hu\/wp-content\/uploads\/2025\/08\/kvanum_zennap20250906_javitott.png","contentUrl":"https:\/\/kvanumzen.hu\/wp-content\/uploads\/2025\/08\/kvanum_zennap20250906_javitott.png"},{"@type":"BreadcrumbList","@id":"https:\/\/kvanumzen.hu\/egynapos-zengyakorlat-2025-szeptember-knud-rosenmayr-dharmamesterrel\/#breadcrumb","itemListElement":[{"@type":"ListItem","position":1,"name":"Home","item":"https:\/\/kvanumzen.hu\/"},{"@type":"ListItem","position":2,"name":"Egynapos zengyakorlat &#8211; 2025 szeptember &#8211; Knud Rosenmayr dharmamesterrel"}]},{"@type":"WebSite","@id":"https:\/\/kvanumzen.hu\/#website","url":"https:\/\/kvanumzen.hu\/","name":"Kwan Um Zen Hungary","description":"","publisher":{"@id":"https:\/\/kvanumzen.hu\/#organization"},"potentialAction":[{"@type":"SearchAction","target":{"@type":"EntryPoint","urlTemplate":"https:\/\/kvanumzen.hu\/?s={search_term_string}"},"query-input":{"@type":"PropertyValueSpecification","valueRequired":true,"valueName":"search_term_string"}}],"inLanguage":"en-GB"},{"@type":"Organization","@id":"https:\/\/kvanumzen.hu\/#organization","name":"Kwan Um Zen Hungary","url":"https:\/\/kvanumzen.hu\/","logo":{"@type":"ImageObject","inLanguage":"en-GB","@id":"https:\/\/kvanumzen.hu\/#\/schema\/logo\/image\/","url":"https:\/\/kvanumzen.hu\/wp-content\/uploads\/2020\/08\/KvanUm_200x200.png","contentUrl":"https:\/\/kvanumzen.hu\/wp-content\/uploads\/2020\/08\/KvanUm_200x200.png","width":200,"height":199,"caption":"Kvan Um Zen Magyarorsz\u00e1g"},"image":{"@id":"https:\/\/kvanumzen.hu\/#\/schema\/logo\/image\/"},"sameAs":["https:\/\/www.facebook.com\/KvanumZenIskola"]},{"@type":"Person","@id":"https:\/\/kvanumzen.hu\/#\/schema\/person\/47959b978f15b5640f472cc2ab0e9a42","name":"Kvan Um","image":{"@type":"ImageObject","inLanguage":"en-GB","@id":"https:\/\/secure.gravatar.com\/avatar\/128e3102d3d3bd24b5f7098220b73f6f7cece776d4d2019cd78f55ff1976a6bf?s=96&d=blank&r=g","url":"https:\/\/secure.gravatar.com\/avatar\/128e3102d3d3bd24b5f7098220b73f6f7cece776d4d2019cd78f55ff1976a6bf?s=96&d=blank&r=g","contentUrl":"https:\/\/secure.gravatar.com\/avatar\/128e3102d3d3bd24b5f7098220b73f6f7cece776d4d2019cd78f55ff1976a6bf?s=96&d=blank&r=g","caption":"Kvan Um"},"sameAs":["https:\/\/kvanumzen.hu"]}]}},"_links":{"self":[{"href":"https:\/\/kvanumzen.hu\/en\/wp-json\/wp\/v2\/posts\/697","targetHints":{"allow":["GET"]}}],"collection":[{"href":"https:\/\/kvanumzen.hu\/en\/wp-json\/wp\/v2\/posts"}],"about":[{"href":"https:\/\/kvanumzen.hu\/en\/wp-json\/wp\/v2\/types\/post"}],"author":[{"embeddable":true,"href":"https:\/\/kvanumzen.hu\/en\/wp-json\/wp\/v2\/users\/1"}],"replies":[{"embeddable":true,"href":"https:\/\/kvanumzen.hu\/en\/wp-json\/wp\/v2\/comments?post=697"}],"version-history":[{"count":3,"href":"https:\/\/kvanumzen.hu\/en\/wp-json\/wp\/v2\/posts\/697\/revisions"}],"predecessor-version":[{"id":702,"href":"https:\/\/kvanumzen.hu\/en\/wp-json\/wp\/v2\/posts\/697\/revisions\/702"}],"wp:attachment":[{"href":"https:\/\/kvanumzen.hu\/en\/wp-json\/wp\/v2\/media?parent=697"}],"wp:term":[{"taxonomy":"category","embeddable":true,"href":"https:\/\/kvanumzen.hu\/en\/wp-json\/wp\/v2\/categories?post=697"},{"taxonomy":"post_tag","embeddable":true,"href":"https:\/\/kvanumzen.hu\/en\/wp-json\/wp\/v2\/tags?post=697"}],"curies":[{"name":"wp","href":"https:\/\/api.w.org\/{rel}","templated":true}]}}